{"id":183,"date":"2017-12-17T13:36:42","date_gmt":"2017-12-17T12:36:42","guid":{"rendered":"https:\/\/protinus.protinusportal.nl\/?p=183"},"modified":"2021-03-02T11:39:07","modified_gmt":"2021-03-02T10:39:07","slug":"protinus-it-prolongeert-wederom-co2-prestatieladder-niveau-5","status":"publish","type":"post","link":"https:\/\/oud.protinus.nl\/en\/protinus-it-prolongeert-wederom-co2-prestatieladder-niveau-5\/","title":{"rendered":"Protinus IT prolongeert wederom CO2-Prestatieladder Niveau 5"},"content":{"rendered":"<p>[et_pb_section bb_built=&#8221;1&#8243;][et_pb_row][et_pb_column type=&#8221;3_4&#8243;][et_pb_text _builder_version=&#8221;3.0.64&#8243; background_layout=&#8221;light&#8221; text_orientation=&#8221;left&#8221; border_style=&#8221;solid&#8221;]<\/p>\n<div class=\"news_intro\">\n<p><strong>Protinus bij de twee IT-bedrijven met Niveau 5<\/strong><\/p>\n<p><img loading=\"lazy\" decoding=\"async\" class=\"wp-image-185 alignleft\" src=\"https:\/\/protinus.protinusportal.nl\/wp-content\/uploads\/sites\/6\/2017\/12\/certificaat_co2_prestatieladder_niveau_5_w300_h240.jpg\" alt=\"\" width=\"138\" height=\"135\" \/>Protinus IT bestendigt wederom de prolongatie van het hoogste niveau op de nationale CO<sub>2<\/sub>-Prestatieladder.<\/p>\n<\/div>\n<p>\u201cWij hebben onszelf ten doel gesteld om op \u00e1lle vlakken, dus Mens, Maken, Markt, Middelen \u00e9n Maatschappij continu naar het hoogste niveau te streven en samenhangend te implementeren, zelf \u00e9n extern te evalueren en vervolgens te optimaliseren\u201d, aldus Martijn Diem\u00e8l, KAM-manager bij Protinus IT. \u201cWij willen dat blijvend in onze genen hebben. En wij vinden dat dat steeds weer beter moet.\u201d<\/p>\n<p>Er zijn in Nederland op dit moment maar twee IT-bedrijven die Niveau 5 gecertificeerd zijn. \u201cOm daar bij te zitten zegt wat over onze ambities\u201d, aldus Diem\u00e8l.<\/p>\n<p>De door DNV GL (Det Norske Veritas), de auditeringsinstantie namens de Prestatieladder, genoemde sterke punten zijn: \u201cUitstekend gedocumenteerd en ge\u00efmplementeerd; Actief in het uitvoeren van reductiemaatregelen\u201d.<\/p>\n<p>[\/et_pb_text][\/et_pb_column][et_pb_column type=&#8221;1_4&#8243;][et_pb_image _builder_version=&#8221;3.0.64&#8243; src=&#8221;https:\/\/protinus.protinusportal.nl\/wp-content\/uploads\/sites\/6\/2017\/12\/co2-prestatieladder-2_w220.jpg&#8221; show_in_lightbox=&#8221;off&#8221; url_new_window=&#8221;off&#8221; use_overlay=&#8221;off&#8221; sticky=&#8221;off&#8221; align=&#8221;left&#8221; always_center_on_mobile=&#8221;on&#8221; border_style=&#8221;solid&#8221; force_fullwidth=&#8221;off&#8221; \/][\/et_pb_column][\/et_pb_row][\/et_pb_section]<\/p>","protected":false},"excerpt":{"rendered":"<p><div class=\"et_pb_row et_pb_row_0 et_pb_row_empty\">\n\t\t\t\t\n\t\t\t\t\n\t\t\t\t\n\t\t\t\t\n\t\t\t\t\n\t\t\t<\/div> Protinus bij de twee IT-bedrijven met Niveau 5 Protinus IT bestendigt wederom de prolongatie van het hoogste niveau op de nationale CO2-Prestatieladder. \u201cWij hebben onszelf ten doel gesteld om op \u00e1lle vlakken, dus Mens, Maken, Markt, Middelen \u00e9n Maatschappij continu naar het hoogste niveau te streven en samenhangend te implementeren, zelf \u00e9n extern te [&hellip;]<\/p>","protected":false},"author":1,"featured_media":0,"comment_status":"open","ping_status":"open","sticky":false,"template":"","format":"standard","meta":{"_et_pb_use_builder":"on","_et_pb_old_content":"","_et_gb_content_width":"","footnotes":""},"categories":[41,39],"tags":[],"class_list":["post-183","post","type-post","status-publish","format-standard","hentry","category-algemeen_nieuws-pagina","category-home"],"_links":{"self":[{"href":"https:\/\/oud.protinus.nl\/en\/wp-json\/wp\/v2\/posts\/183","targetHints":{"allow":["GET"]}}],"collection":[{"href":"https:\/\/oud.protinus.nl\/en\/wp-json\/wp\/v2\/posts"}],"about":[{"href":"https:\/\/oud.protinus.nl\/en\/wp-json\/wp\/v2\/types\/post"}],"author":[{"embeddable":true,"href":"https:\/\/oud.protinus.nl\/en\/wp-json\/wp\/v2\/users\/1"}],"replies":[{"embeddable":true,"href":"https:\/\/oud.protinus.nl\/en\/wp-json\/wp\/v2\/comments?post=183"}],"version-history":[{"count":0,"href":"https:\/\/oud.protinus.nl\/en\/wp-json\/wp\/v2\/posts\/183\/revisions"}],"wp:attachment":[{"href":"https:\/\/oud.protinus.nl\/en\/wp-json\/wp\/v2\/media?parent=183"}],"wp:term":[{"taxonomy":"category","embeddable":true,"href":"https:\/\/oud.protinus.nl\/en\/wp-json\/wp\/v2\/categories?post=183"},{"taxonomy":"post_tag","embeddable":true,"href":"https:\/\/oud.protinus.nl\/en\/wp-json\/wp\/v2\/tags?post=183"}],"curies":[{"name":"wp","href":"https:\/\/api.w.org\/{rel}","templated":true}]}}